{"id":1739,"date":"2019-10-24T00:09:04","date_gmt":"2019-10-23T22:09:04","guid":{"rendered":"https:\/\/academiaeuropea.com\/blog\/?p=1739"},"modified":"2020-08-25T16:17:16","modified_gmt":"2020-08-25T16:17:16","slug":"por-que-en-brasil-se-habla-portugues","status":"publish","type":"post","link":"https:\/\/academiaeuropea.com\/blog\/por-que-en-brasil-se-habla-portugues\/","title":{"rendered":"\u00bfPor qu\u00e9 en Brasil se habla portugu\u00e9s?"},"content":{"rendered":"<p><span style=\"font-weight: 400;\">\u00bfNo te parece raro? Casi todos los pa\u00edses desde M\u00e9xico hasta Argentina, hablan espa\u00f1ol, pero en Brasil se habla <\/span><b>portugu\u00e9s <\/b><span style=\"font-weight: 400;\">\u00bfPor qu\u00e9 los espa\u00f1oles no conquistaron Brasil?<\/span><\/p>\n<p><span style=\"font-weight: 400;\">Una de las teor\u00edas m\u00e1s fuertes es que se trat\u00f3 de una serie de casualidades: cuando Crist\u00f3bal Col\u00f3n iba de regreso al viejo continente, tuvo que desviarse de la ruta debido al mal tiempo. El desv\u00edo lo hizo llegar a Lisboa, capital de Portugal, donde le interrogaron hasta que habl\u00f3 de lo que hab\u00eda descubierto.<\/span><\/p>\n<p><span style=\"font-weight: 400;\">Cuando Col\u00f3n por fin pudo regresar con los reyes, las tensiones entre Espa\u00f1a y Portugal, incrementaron. Ambos reinos reclamaban derechos sobre las tierras debido a un tratado firmado anteriormente, que marcaba una l\u00ednea en el mar que decid\u00eda qu\u00e9 pertenec\u00eda a qui\u00e9n. Se tom\u00f3 la decisi\u00f3n de firmar un nuevo acuerdo.<\/span><\/p>\n<h3><b>\u00bfPor qu\u00e9 los espa\u00f1oles no conquistaron Brasil?<\/b><\/h3>\n<p><span style=\"font-weight: 400;\">El nuevo acuerdo inclu\u00eda una nueva divisi\u00f3n; los reyes de Espa\u00f1a creyeron salirse con la suya, pues la l\u00ednea simb\u00f3lica -seg\u00fan ellos- dejaba a Portugal siendo due\u00f1o de nada m\u00e1s que mar. Pero la l\u00ednea s\u00ed marcaba tierra, un extenso territorio que por derecho pertenec\u00eda a Portugal.\u00a0<\/span><\/p>\n<p><span style=\"font-weight: 400;\">No fue hasta 1500 que Portugal envi\u00f3 una flota gigante para conquistar aquella tierra que hoy conocemos como Brasil. Evidentemente los conquistadores expandieron su conocimiento por la tierra que les pertenec\u00eda, incluyendo el <strong>idioma <\/strong><\/span><b>portugu\u00e9s<\/b><span style=\"font-weight: 400;\">.<\/span><\/p>\n<p><span style=\"font-weight: 400;\">Esta, es la principal raz\u00f3n por la que los brasile\u00f1os hablan <\/span><b>portugu\u00e9s, <\/b><span style=\"font-weight: 400;\">el ex\u00f3tico pa\u00eds fue conquistado por Portugal, porque los espa\u00f1oles hicieron, lo que parece ser, un \u201cmal\u201d acuerdo.<\/span><\/p>\n<h2><b>5<\/b> <b>curiosidades del idioma portugu\u00e9s<\/b><\/h2>\n<ul>\n<li style=\"font-weight: 400;\"><span style=\"font-weight: 400;\"><strong>Es el sexto idioma m\u00e1s hablado del mundo:<\/strong> es hablado por m\u00e1s de 240 millones de personas en el mundo.<\/span><\/li>\n<li style=\"font-weight: 400;\"><strong>El portugu\u00e9s <\/strong><span style=\"font-weight: 400;\"><strong>de Brasil, es diferente al de Portugal:<\/strong> es el mismo idioma, s\u00ed, pero con algunas diferencias gramaticales y su acento.<\/span><\/li>\n<li style=\"font-weight: 400;\"><span style=\"font-weight: 400;\"><strong>Es m\u00e1s probable que te entiendan a ti, que t\u00fa a ellos;<\/strong> al visitar Brasil, los nativos suelen comprender gran parte del espa\u00f1ol.<\/span><\/li>\n<li style=\"font-weight: 400;\"><span style=\"font-weight: 400;\"><strong>F\u00e1cil de aprender:<\/strong> aunque no es posible determinar la facilidad o dificultad de cada persona, para aprender un idioma; el portugu\u00e9s, ha resultado mayormente f\u00e1cil de aprender si tu lengua nativa es espa\u00f1ol<\/span><\/li>\n<li style=\"font-weight: 400;\"><span style=\"font-weight: 400;\"><strong>Portunhol<\/strong>: \u00bfhab\u00edas escuchado del spanglish? Es la mezcla del ingl\u00e9s con el espa\u00f1ol, pues en la frontera de Brasil con Uruguay, el portu\u00f1ol es la mezcla del espa\u00f1ol y portugu\u00e9s, lo curioso es que est\u00e1 tan arraigado que puede considerarse un idioma.<\/span><\/li>\n<\/ul>\n<h2><b>\u00bfD\u00f3nde aprender Portugu\u00e9s?<\/b><\/h2>\n<p><span style=\"font-weight: 400;\">En Academia Europea contamos con <\/span><b>clases de portugu\u00e9s<\/b><span style=\"font-weight: 400;\"> en diferentes horarios. Puedes aprender portugu\u00e9s con profesores de todo el mundo, para que las diferencias de acentuaci\u00f3n no sean un problema para ti.<\/span><\/p>\n<p><span style=\"font-weight: 400;\">Somos los \u00fanicos en el continente usando el <strong>sistema IALS\u00ae<\/strong>, <\/span><span style=\"font-weight: 400;\">considerado el mejor sistema para <\/span><b>aprender idiomas<\/b><span style=\"font-weight: 400;\">. Adem\u00e1s puedes optar por las clases privadas para un aprendizaje m\u00e1s focalizado y r\u00e1pido; t\u00fa eliges el horario.<\/span><\/p>\n<p><span style=\"font-weight: 400;\">Pregunta por las <\/span><b>clases de portugu\u00e9s<\/b><span style=\"font-weight: 400;\"> aqu\u00ed: <a href=\"https:\/\/academiaeuropea.com\/\">cursos de portugu\u00e9s<\/a><\/span><\/p>\n<p><span style=\"font-weight: 400;\">No olvides que, adem\u00e1s de las <\/span><b>clases de portugu\u00e9s<\/b><span style=\"font-weight: 400;\">, tambi\u00e9n contamos con cursos de<strong> ingl\u00e9s, franc\u00e9s, mandar\u00edn, italiano, alem\u00e1n, japon\u00e9s y espa\u00f1ol.<\/strong> Aprende mediante actividades interactivas y naturales, ayudamos a prepararte para el mundo real.<\/span><\/p>\n<p><b>\u00a1Aprende portugu\u00e9s con los mejores!<\/b><\/p>\n","protected":false},"excerpt":{"rendered":"<p>\u00bfNo te parece raro? Casi todos los pa\u00edses desde M\u00e9xico hasta Argentina, hablan espa\u00f1ol, pero en Brasil se habla portugu\u00e9s \u00bfPor qu\u00e9 los espa\u00f1oles no conquistaron Brasil? Una de las teor\u00edas m\u00e1s fuertes es que se trat\u00f3 de una serie de casualidades: cuando Crist\u00f3bal Col\u00f3n iba de regreso al viejo continente, tuvo que desviarse de la ruta debido al mal tiempo. El desv\u00edo lo hizo llegar a Lisboa, capital de Portugal, donde le interrogaron hasta que habl\u00f3 de lo que hab\u00eda descubierto. Cuando Col\u00f3n por fin pudo regresar con los reyes, las tensiones entre Espa\u00f1a y Portugal, incrementaron. Ambos reinos [&hellip;]<\/p>\n","protected":false},"author":6,"featured_media":6088,"comment_status":"closed","ping_status":"closed","sticky":false,"template":"","format":"aside","meta":{"content-type":"","footnotes":""},"categories":[89],"tags":[138,172,127],"class_list":["post-1739","post","type-post","status-publish","format-aside","has-post-thumbnail","hentry","category-idiomas","tag-academia-europea","tag-clases-de-portugues","tag-sistema-ials","post_format-post-format-aside"],"_links":{"self":[{"href":"https:\/\/academiaeuropea.com\/blog\/wp-json\/wp\/v2\/posts\/1739","targetHints":{"allow":["GET"]}}],"collection":[{"href":"https:\/\/academiaeuropea.com\/blog\/wp-json\/wp\/v2\/posts"}],"about":[{"href":"https:\/\/academiaeuropea.com\/blog\/wp-json\/wp\/v2\/types\/post"}],"author":[{"embeddable":true,"href":"https:\/\/academiaeuropea.com\/blog\/wp-json\/wp\/v2\/users\/6"}],"replies":[{"embeddable":true,"href":"https:\/\/academiaeuropea.com\/blog\/wp-json\/wp\/v2\/comments?post=1739"}],"version-history":[{"count":3,"href":"https:\/\/academiaeuropea.com\/blog\/wp-json\/wp\/v2\/posts\/1739\/revisions"}],"predecessor-version":[{"id":7276,"href":"https:\/\/academiaeuropea.com\/blog\/wp-json\/wp\/v2\/posts\/1739\/revisions\/7276"}],"wp:featuredmedia":[{"embeddable":true,"href":"https:\/\/academiaeuropea.com\/blog\/wp-json\/wp\/v2\/media\/6088"}],"wp:attachment":[{"href":"https:\/\/academiaeuropea.com\/blog\/wp-json\/wp\/v2\/media?parent=1739"}],"wp:term":[{"taxonomy":"category","embeddable":true,"href":"https:\/\/academiaeuropea.com\/blog\/wp-json\/wp\/v2\/categories?post=1739"},{"taxonomy":"post_tag","embeddable":true,"href":"https:\/\/academiaeuropea.com\/blog\/wp-json\/wp\/v2\/tags?post=1739"}],"curies":[{"name":"wp","href":"https:\/\/api.w.org\/{rel}","templated":true}]}}